{"id":1242,"date":"2017-11-07T16:48:50","date_gmt":"2017-11-07T21:48:50","guid":{"rendered":"http:\/\/antoniolenis.edu.co\/?p=1242"},"modified":"2017-11-07T18:51:06","modified_gmt":"2017-11-07T23:51:06","slug":"distincion-al-joven-rafael-david-charris-10-c-vespertina","status":"publish","type":"post","link":"https:\/\/antoniolenis.edu.co\/?p=1242","title":{"rendered":"DISTINCI\u00d3N AL JOVEN RAFAEL DAVID CHARRIS 10 C VESPERTINA"},"content":{"rendered":"<p style=\"text-align: justify;\">El estudiante Rafael David Charris Garc\u00eda- de 10\u00b0\u00bbC\u00bb \u00c9nfasis en Ciencias Naturales, Jornada Vespertina Sede Principal- particip\u00f3 como finalista por nuestra instituci\u00f3n en las 9\u00b0 Olimpiadas de Qu\u00edmica, convocadas por la Universidad de Antioquia en la ciudad de Medell\u00edn, y obtuvo el puesto #33 entre 4273 participantes a nivel Nacional&#8230;<br \/>\nEsta distinci\u00f3n es honrosa tanto por el lugar en el qued\u00f3 como en la Instituci\u00f3n en la que se present\u00f3, motivo por el que la Jornada Vespertina Sede Principal de la Gloriosa Instituci\u00f3n Educativa Antonio Lenis de Sincelejo lo felicita por tan distinguido lugar&#8230;<br \/>\nEl present\u00f3 una prueba clasificatoria el pasado 1 de Septiembre en el ColMercedes aqu\u00ed en Sincelejo.<\/p>\n<p style=\"text-align: justify;\">Felicitaciones David Charris Garcia<\/p>\n<p style=\"text-align: justify;\">\n<p style=\"text-align: center;\"><img loading=\"lazy\" decoding=\"async\" class=\"aligncenter  wp-image-1263\" src=\"https:\/\/antoniolenis.edu.co\/wp-content\/uploads\/2017\/11\/055e65fb-c298-4f02-a22a-b13fa071be66-1-222x300.jpg\" alt=\"\" width=\"265\" height=\"358\" srcset=\"https:\/\/antoniolenis.edu.co\/wp-content\/uploads\/2017\/11\/055e65fb-c298-4f02-a22a-b13fa071be66-1-222x300.jpg 222w, https:\/\/antoniolenis.edu.co\/wp-content\/uploads\/2017\/11\/055e65fb-c298-4f02-a22a-b13fa071be66-1.jpg 582w\" sizes=\"auto, (max-width: 265px) 100vw, 265px\" \/><\/p>\n","protected":false},"excerpt":{"rendered":"<p>El estudiante Rafael David Charris Garc\u00eda- de 10\u00b0\u00bbC\u00bb \u00c9nfasis en Ciencias Naturales, Jornada Vespertina Sede Principal- particip\u00f3 como finalista por nuestra instituci\u00f3n en las 9\u00b0 Olimpiadas de Qu\u00edmica, convocadas por la Universidad de Antioquia en la ciudad de Medell\u00edn, y&#8230;<br \/><a class=\"read-more-button\" href=\"https:\/\/antoniolenis.edu.co\/?p=1242\">Leer m\u00e1s<\/a><\/p>\n","protected":false},"author":2,"featured_media":0,"comment_status":"closed","ping_status":"closed","sticky":false,"template":"","format":"standard","meta":{"footnotes":""},"categories":[1],"tags":[],"class_list":["post-1242","post","type-post","status-publish","format-standard","hentry","category-noticias"],"_links":{"self":[{"href":"https:\/\/antoniolenis.edu.co\/index.php?rest_route=\/wp\/v2\/posts\/1242","targetHints":{"allow":["GET"]}}],"collection":[{"href":"https:\/\/antoniolenis.edu.co\/index.php?rest_route=\/wp\/v2\/posts"}],"about":[{"href":"https:\/\/antoniolenis.edu.co\/index.php?rest_route=\/wp\/v2\/types\/post"}],"author":[{"embeddable":true,"href":"https:\/\/antoniolenis.edu.co\/index.php?rest_route=\/wp\/v2\/users\/2"}],"replies":[{"embeddable":true,"href":"https:\/\/antoniolenis.edu.co\/index.php?rest_route=%2Fwp%2Fv2%2Fcomments&post=1242"}],"version-history":[{"count":3,"href":"https:\/\/antoniolenis.edu.co\/index.php?rest_route=\/wp\/v2\/posts\/1242\/revisions"}],"predecessor-version":[{"id":1264,"href":"https:\/\/antoniolenis.edu.co\/index.php?rest_route=\/wp\/v2\/posts\/1242\/revisions\/1264"}],"wp:attachment":[{"href":"https:\/\/antoniolenis.edu.co\/index.php?rest_route=%2Fwp%2Fv2%2Fmedia&parent=1242"}],"wp:term":[{"taxonomy":"category","embeddable":true,"href":"https:\/\/antoniolenis.edu.co\/index.php?rest_route=%2Fwp%2Fv2%2Fcategories&post=1242"},{"taxonomy":"post_tag","embeddable":true,"href":"https:\/\/antoniolenis.edu.co\/index.php?rest_route=%2Fwp%2Fv2%2Ftags&post=1242"}],"curies":[{"name":"wp","href":"https:\/\/api.w.org\/{rel}","templated":true}]}}