{"id":1450,"date":"2018-09-17T07:45:16","date_gmt":"2018-09-17T12:45:16","guid":{"rendered":"http:\/\/antoniolenis.edu.co\/?p=1450"},"modified":"2018-09-17T07:45:16","modified_gmt":"2018-09-17T12:45:16","slug":"participacion-grupo-de-teatro","status":"publish","type":"post","link":"https:\/\/antoniolenis.edu.co\/?p=1450","title":{"rendered":"PARTICIPACI\u00d3N GRUPO DE TEATRO"},"content":{"rendered":"<p>En d\u00edas pasados el grupo de teatro de la jornada Vespertina del grado\u00a0 d\u00e9cimo hizo una excelente presentaci\u00f3n en el Festival de teatro realizado por la Instituci\u00f3n Liceo Caramelo Percy Vergara.<\/p>\n<p>Felicitaciones j\u00f3venes!<\/p>\n<ol>\n<li><img loading=\"lazy\" decoding=\"async\" class=\"aligncenter size-full wp-image-1451\" src=\"https:\/\/antoniolenis.edu.co\/wp-content\/uploads\/2018\/09\/IMG-20180916-WA0003.jpg\" alt=\"\" width=\"584\" height=\"1040\" \/><img loading=\"lazy\" decoding=\"async\" class=\"aligncenter size-full wp-image-1452\" src=\"https:\/\/antoniolenis.edu.co\/wp-content\/uploads\/2018\/09\/IMG-20180917-WA0019.jpg\" alt=\"\" width=\"1040\" height=\"584\" srcset=\"https:\/\/antoniolenis.edu.co\/wp-content\/uploads\/2018\/09\/IMG-20180917-WA0019.jpg 1040w, https:\/\/antoniolenis.edu.co\/wp-content\/uploads\/2018\/09\/IMG-20180917-WA0019-768x431.jpg 768w, https:\/\/antoniolenis.edu.co\/wp-content\/uploads\/2018\/09\/IMG-20180917-WA0019-956x537.jpg 956w\" sizes=\"auto, (max-width: 1040px) 100vw, 1040px\" \/><img loading=\"lazy\" decoding=\"async\" class=\"aligncenter size-full wp-image-1453\" src=\"https:\/\/antoniolenis.edu.co\/wp-content\/uploads\/2018\/09\/IMG-20180917-WA0018.jpg\" alt=\"\" width=\"1040\" height=\"584\" srcset=\"https:\/\/antoniolenis.edu.co\/wp-content\/uploads\/2018\/09\/IMG-20180917-WA0018.jpg 1040w, https:\/\/antoniolenis.edu.co\/wp-content\/uploads\/2018\/09\/IMG-20180917-WA0018-768x431.jpg 768w, https:\/\/antoniolenis.edu.co\/wp-content\/uploads\/2018\/09\/IMG-20180917-WA0018-956x537.jpg 956w\" sizes=\"auto, (max-width: 1040px) 100vw, 1040px\" \/><img loading=\"lazy\" decoding=\"async\" class=\"aligncenter size-full wp-image-1454\" src=\"https:\/\/antoniolenis.edu.co\/wp-content\/uploads\/2018\/09\/IMG-20180917-WA0016.jpg\" alt=\"\" width=\"1040\" height=\"584\" srcset=\"https:\/\/antoniolenis.edu.co\/wp-content\/uploads\/2018\/09\/IMG-20180917-WA0016.jpg 1040w, https:\/\/antoniolenis.edu.co\/wp-content\/uploads\/2018\/09\/IMG-20180917-WA0016-768x431.jpg 768w, https:\/\/antoniolenis.edu.co\/wp-content\/uploads\/2018\/09\/IMG-20180917-WA0016-956x537.jpg 956w\" sizes=\"auto, (max-width: 1040px) 100vw, 1040px\" \/><img loading=\"lazy\" decoding=\"async\" class=\"aligncenter size-full wp-image-1455\" src=\"https:\/\/antoniolenis.edu.co\/wp-content\/uploads\/2018\/09\/IMG-20180917-WA0015.jpg\" alt=\"\" width=\"1040\" height=\"584\" srcset=\"https:\/\/antoniolenis.edu.co\/wp-content\/uploads\/2018\/09\/IMG-20180917-WA0015.jpg 1040w, https:\/\/antoniolenis.edu.co\/wp-content\/uploads\/2018\/09\/IMG-20180917-WA0015-768x431.jpg 768w, https:\/\/antoniolenis.edu.co\/wp-content\/uploads\/2018\/09\/IMG-20180917-WA0015-956x537.jpg 956w\" sizes=\"auto, (max-width: 1040px) 100vw, 1040px\" \/><\/li>\n<\/ol>\n","protected":false},"excerpt":{"rendered":"<p>En d\u00edas pasados el grupo de teatro de la jornada Vespertina del grado\u00a0 d\u00e9cimo hizo una excelente presentaci\u00f3n en el Festival de teatro realizado por la Instituci\u00f3n Liceo Caramelo Percy Vergara. Felicitaciones j\u00f3venes!<\/p>\n","protected":false},"author":2,"featured_media":0,"comment_status":"closed","ping_status":"closed","sticky":false,"template":"","format":"standard","meta":{"footnotes":""},"categories":[1],"tags":[],"class_list":["post-1450","post","type-post","status-publish","format-standard","hentry","category-noticias"],"_links":{"self":[{"href":"https:\/\/antoniolenis.edu.co\/index.php?rest_route=\/wp\/v2\/posts\/1450","targetHints":{"allow":["GET"]}}],"collection":[{"href":"https:\/\/antoniolenis.edu.co\/index.php?rest_route=\/wp\/v2\/posts"}],"about":[{"href":"https:\/\/antoniolenis.edu.co\/index.php?rest_route=\/wp\/v2\/types\/post"}],"author":[{"embeddable":true,"href":"https:\/\/antoniolenis.edu.co\/index.php?rest_route=\/wp\/v2\/users\/2"}],"replies":[{"embeddable":true,"href":"https:\/\/antoniolenis.edu.co\/index.php?rest_route=%2Fwp%2Fv2%2Fcomments&post=1450"}],"version-history":[{"count":1,"href":"https:\/\/antoniolenis.edu.co\/index.php?rest_route=\/wp\/v2\/posts\/1450\/revisions"}],"predecessor-version":[{"id":1456,"href":"https:\/\/antoniolenis.edu.co\/index.php?rest_route=\/wp\/v2\/posts\/1450\/revisions\/1456"}],"wp:attachment":[{"href":"https:\/\/antoniolenis.edu.co\/index.php?rest_route=%2Fwp%2Fv2%2Fmedia&parent=1450"}],"wp:term":[{"taxonomy":"category","embeddable":true,"href":"https:\/\/antoniolenis.edu.co\/index.php?rest_route=%2Fwp%2Fv2%2Fcategories&post=1450"},{"taxonomy":"post_tag","embeddable":true,"href":"https:\/\/antoniolenis.edu.co\/index.php?rest_route=%2Fwp%2Fv2%2Ftags&post=1450"}],"curies":[{"name":"wp","href":"https:\/\/api.w.org\/{rel}","templated":true}]}}