{"id":1584,"date":"2019-09-08T08:11:03","date_gmt":"2019-09-08T13:11:03","guid":{"rendered":"http:\/\/antoniolenis.edu.co\/?p=1584"},"modified":"2019-09-08T08:11:57","modified_gmt":"2019-09-08T13:11:57","slug":"felicitaciones-a-nuestros-estudiantes-por-estos-triunfos","status":"publish","type":"post","link":"https:\/\/antoniolenis.edu.co\/?p=1584","title":{"rendered":"Felicitaciones a nuestros estudiantes por estos triunfos"},"content":{"rendered":"<p><!--nextpage--><\/p>\n<p>Felicitaciones a nuestros estudiantes\u00a0 Rhemy L\u00f3pez,Sebasti\u00e1n Sarmiento y Omar Hern\u00e1ndez por su excelente\u00a0 representaci\u00f3n en el colegio Altair de la S\u00e1bana\u00a0<img loading=\"lazy\" decoding=\"async\" class=\"aligncenter size-full wp-image-1588\" src=\"https:\/\/antoniolenis.edu.co\/wp-content\/uploads\/2019\/09\/IMG-20190907-WA0009.jpg\" alt=\"\" width=\"1024\" height=\"768\" srcset=\"https:\/\/antoniolenis.edu.co\/wp-content\/uploads\/2019\/09\/IMG-20190907-WA0009.jpg 1024w, https:\/\/antoniolenis.edu.co\/wp-content\/uploads\/2019\/09\/IMG-20190907-WA0009-768x576.jpg 768w, https:\/\/antoniolenis.edu.co\/wp-content\/uploads\/2019\/09\/IMG-20190907-WA0009-956x717.jpg 956w\" sizes=\"auto, (max-width: 1024px) 100vw, 1024px\" \/><img loading=\"lazy\" decoding=\"async\" class=\"aligncenter size-full wp-image-1591\" src=\"https:\/\/antoniolenis.edu.co\/wp-content\/uploads\/2019\/09\/20190907_221345.jpg\" alt=\"\" width=\"1024\" height=\"782\" \/><!--nextpage--><\/p>\n<p><img loading=\"lazy\" decoding=\"async\" class=\"aligncenter size-full wp-image-1600\" src=\"https:\/\/antoniolenis.edu.co\/wp-content\/uploads\/2019\/09\/IMG-20190907-WA0008-e1567947695112.jpg\" alt=\"\" width=\"1024\" height=\"784\" \/><img loading=\"lazy\" decoding=\"async\" class=\"aligncenter size-full wp-image-1602\" src=\"https:\/\/antoniolenis.edu.co\/wp-content\/uploads\/2019\/09\/IMG-20190907-WA0010-e1567947868461.jpg\" alt=\"\" width=\"1024\" height=\"807\" \/><img loading=\"lazy\" decoding=\"async\" class=\"aligncenter size-full wp-image-1603\" src=\"https:\/\/antoniolenis.edu.co\/wp-content\/uploads\/2019\/09\/IMG-20190907-WA0011-e1567948011891.jpg\" alt=\"\" width=\"1024\" height=\"788\" \/><\/p>\n","protected":false},"excerpt":{"rendered":"<p>Felicitaciones a nuestros estudiantes\u00a0 Rhemy L\u00f3pez,Sebasti\u00e1n Sarmiento y Omar Hern\u00e1ndez por su excelente\u00a0 representaci\u00f3n en el colegio Altair de la S\u00e1bana\u00a0<\/p>\n","protected":false},"author":2,"featured_media":0,"comment_status":"closed","ping_status":"closed","sticky":false,"template":"","format":"standard","meta":{"footnotes":""},"categories":[1],"tags":[],"class_list":["post-1584","post","type-post","status-publish","format-standard","hentry","category-noticias"],"_links":{"self":[{"href":"https:\/\/antoniolenis.edu.co\/index.php?rest_route=\/wp\/v2\/posts\/1584","targetHints":{"allow":["GET"]}}],"collection":[{"href":"https:\/\/antoniolenis.edu.co\/index.php?rest_route=\/wp\/v2\/posts"}],"about":[{"href":"https:\/\/antoniolenis.edu.co\/index.php?rest_route=\/wp\/v2\/types\/post"}],"author":[{"embeddable":true,"href":"https:\/\/antoniolenis.edu.co\/index.php?rest_route=\/wp\/v2\/users\/2"}],"replies":[{"embeddable":true,"href":"https:\/\/antoniolenis.edu.co\/index.php?rest_route=%2Fwp%2Fv2%2Fcomments&post=1584"}],"version-history":[{"count":3,"href":"https:\/\/antoniolenis.edu.co\/index.php?rest_route=\/wp\/v2\/posts\/1584\/revisions"}],"predecessor-version":[{"id":1604,"href":"https:\/\/antoniolenis.edu.co\/index.php?rest_route=\/wp\/v2\/posts\/1584\/revisions\/1604"}],"wp:attachment":[{"href":"https:\/\/antoniolenis.edu.co\/index.php?rest_route=%2Fwp%2Fv2%2Fmedia&parent=1584"}],"wp:term":[{"taxonomy":"category","embeddable":true,"href":"https:\/\/antoniolenis.edu.co\/index.php?rest_route=%2Fwp%2Fv2%2Fcategories&post=1584"},{"taxonomy":"post_tag","embeddable":true,"href":"https:\/\/antoniolenis.edu.co\/index.php?rest_route=%2Fwp%2Fv2%2Ftags&post=1584"}],"curies":[{"name":"wp","href":"https:\/\/api.w.org\/{rel}","templated":true}]}}