{"id":1606,"date":"2019-09-12T13:22:30","date_gmt":"2019-09-12T18:22:30","guid":{"rendered":"http:\/\/antoniolenis.edu.co\/?p=1606"},"modified":"2019-09-12T13:22:30","modified_gmt":"2019-09-12T18:22:30","slug":"i-torneo-de-ajedrez-del-caribe","status":"publish","type":"post","link":"https:\/\/antoniolenis.edu.co\/?p=1606","title":{"rendered":"I TORNEO DE AJEDREZ DEL CARIBE"},"content":{"rendered":"<p>I TORNEO DE AJEDREZ DEL CARIBE<br \/>\n\u201cJaque a la Indiferencia Social<\/p>\n<p>El d\u00eda 7 de septiembre la Fundaci\u00f3n \u00abA la Rueda Rueda\u00bb, realiz\u00f3 en la ciudad de Sincelejo, la fase de clasificaci\u00f3n en la cual participaron estudiantes de nuestra instituci\u00f3n. FELICITACIONES a todos ellos por su participaci\u00f3n y de manera muy especial a EMMANUEL MENDRALES ACOSTA, estudiante de Und\u00e9cimo de la sede el Zumbado, quien logr\u00f3 uno de los cinco cupos en la categor\u00eda Sub17, para participar en la GRAN FINAL en la ciudad de Monter\u00eda, los d\u00edas 19 y 20 de octubre, donde se dar\u00e1n cita los 120 finalistas de cada categor\u00eda de Sincelejo, Monter\u00eda, Cartagena y Barranquilla. Los 6 campeones de la GRAN FINAL tendr\u00e1n la oportunidad de poner a prueba sus habilidades ajedrec\u00edsticas en el XVIII FESTIVAL INTERNACIONAL DE AJEDREZ, que se realizar\u00e1 entre el 29 de noviembre y el 8 de diciembre en la ciudad de Benidrom, Espa\u00f1a.<\/p>\n<p><img loading=\"lazy\" decoding=\"async\" class=\"aligncenter size-full wp-image-1607\" src=\"https:\/\/antoniolenis.edu.co\/wp-content\/uploads\/2019\/09\/Screenshot_20190912-110718_Gallery.jpg\" alt=\"\" width=\"720\" height=\"1280\" \/> <img loading=\"lazy\" decoding=\"async\" class=\"aligncenter size-medium wp-image-1608\" src=\"https:\/\/antoniolenis.edu.co\/wp-content\/uploads\/2019\/09\/Screenshot_20190912-110922_Gallery.jpg\" alt=\"\" width=\"720\" height=\"1280\" \/><\/p>\n","protected":false},"excerpt":{"rendered":"<p>I TORNEO DE AJEDREZ DEL CARIBE \u201cJaque a la Indiferencia Social El d\u00eda 7 de septiembre la Fundaci\u00f3n \u00abA la Rueda Rueda\u00bb, realiz\u00f3 en la ciudad de Sincelejo, la fase de clasificaci\u00f3n en la cual participaron estudiantes de nuestra instituci\u00f3n&#8230;.<br \/><a class=\"read-more-button\" href=\"https:\/\/antoniolenis.edu.co\/?p=1606\">Leer m\u00e1s<\/a><\/p>\n","protected":false},"author":2,"featured_media":0,"comment_status":"closed","ping_status":"closed","sticky":false,"template":"","format":"standard","meta":{"footnotes":""},"categories":[1],"tags":[],"class_list":["post-1606","post","type-post","status-publish","format-standard","hentry","category-noticias"],"_links":{"self":[{"href":"https:\/\/antoniolenis.edu.co\/index.php?rest_route=\/wp\/v2\/posts\/1606","targetHints":{"allow":["GET"]}}],"collection":[{"href":"https:\/\/antoniolenis.edu.co\/index.php?rest_route=\/wp\/v2\/posts"}],"about":[{"href":"https:\/\/antoniolenis.edu.co\/index.php?rest_route=\/wp\/v2\/types\/post"}],"author":[{"embeddable":true,"href":"https:\/\/antoniolenis.edu.co\/index.php?rest_route=\/wp\/v2\/users\/2"}],"replies":[{"embeddable":true,"href":"https:\/\/antoniolenis.edu.co\/index.php?rest_route=%2Fwp%2Fv2%2Fcomments&post=1606"}],"version-history":[{"count":1,"href":"https:\/\/antoniolenis.edu.co\/index.php?rest_route=\/wp\/v2\/posts\/1606\/revisions"}],"predecessor-version":[{"id":1609,"href":"https:\/\/antoniolenis.edu.co\/index.php?rest_route=\/wp\/v2\/posts\/1606\/revisions\/1609"}],"wp:attachment":[{"href":"https:\/\/antoniolenis.edu.co\/index.php?rest_route=%2Fwp%2Fv2%2Fmedia&parent=1606"}],"wp:term":[{"taxonomy":"category","embeddable":true,"href":"https:\/\/antoniolenis.edu.co\/index.php?rest_route=%2Fwp%2Fv2%2Fcategories&post=1606"},{"taxonomy":"post_tag","embeddable":true,"href":"https:\/\/antoniolenis.edu.co\/index.php?rest_route=%2Fwp%2Fv2%2Ftags&post=1606"}],"curies":[{"name":"wp","href":"https:\/\/api.w.org\/{rel}","templated":true}]}}