{"id":1691,"date":"2020-03-16T00:42:10","date_gmt":"2020-03-16T05:42:10","guid":{"rendered":"http:\/\/antoniolenis.edu.co\/?p=1691"},"modified":"2020-03-16T00:45:35","modified_gmt":"2020-03-16T05:45:35","slug":"comunicado-a-la-comunidad-educativa-lenista","status":"publish","type":"post","link":"https:\/\/antoniolenis.edu.co\/?p=1691","title":{"rendered":"COMUNICADO A LA COMUNIDAD EDUCATIVA LENISTA"},"content":{"rendered":"<p>Teniendo en cuenta las directrices del gobierno nacional, frente a la suspensi\u00f3n de clases como medida preventiva para evitar la propagaci\u00f3n del Coronavirus (COVID-19), nos permitimos informar que la Instituci\u00f3n Educativa Antonio Lenis se acoge a la medida, por lo tanto se suspenden las actividades escolares presenciales desde el 16 de marzo de 2020; atendemos los argumentos, expuestos por el Presidente de la Rep\u00fablica Doctor Iv\u00e1n Duque, que a continuaci\u00f3n se relacionan: <a href=\"https:\/\/antoniolenis.edu.co\/wp-content\/uploads\/2020\/03\/COMUNICADO-A-LA-COMUNIDAD-EDUCATIVA-LENISTA-1.pdf\" target=\"_blank\" rel=\"noopener noreferrer\">Descargue el comunicado Completo<\/a><\/p>\n<p>&nbsp;<\/p>\n","protected":false},"excerpt":{"rendered":"<p>Teniendo en cuenta las directrices del gobierno nacional, frente a la suspensi\u00f3n de clases como medida preventiva para evitar la propagaci\u00f3n del Coronavirus (COVID-19), nos permitimos informar que la Instituci\u00f3n Educativa Antonio Lenis se acoge a la medida, por lo&#8230;<br \/><a class=\"read-more-button\" href=\"https:\/\/antoniolenis.edu.co\/?p=1691\">Leer m\u00e1s<\/a><\/p>\n","protected":false},"author":7,"featured_media":1693,"comment_status":"closed","ping_status":"closed","sticky":false,"template":"","format":"standard","meta":{"footnotes":""},"categories":[15],"tags":[],"class_list":["post-1691","post","type-post","status-publish","format-standard","has-post-thumbnail","hentry","category-anuncios"],"_links":{"self":[{"href":"https:\/\/antoniolenis.edu.co\/index.php?rest_route=\/wp\/v2\/posts\/1691","targetHints":{"allow":["GET"]}}],"collection":[{"href":"https:\/\/antoniolenis.edu.co\/index.php?rest_route=\/wp\/v2\/posts"}],"about":[{"href":"https:\/\/antoniolenis.edu.co\/index.php?rest_route=\/wp\/v2\/types\/post"}],"author":[{"embeddable":true,"href":"https:\/\/antoniolenis.edu.co\/index.php?rest_route=\/wp\/v2\/users\/7"}],"replies":[{"embeddable":true,"href":"https:\/\/antoniolenis.edu.co\/index.php?rest_route=%2Fwp%2Fv2%2Fcomments&post=1691"}],"version-history":[{"count":3,"href":"https:\/\/antoniolenis.edu.co\/index.php?rest_route=\/wp\/v2\/posts\/1691\/revisions"}],"predecessor-version":[{"id":1695,"href":"https:\/\/antoniolenis.edu.co\/index.php?rest_route=\/wp\/v2\/posts\/1691\/revisions\/1695"}],"wp:featuredmedia":[{"embeddable":true,"href":"https:\/\/antoniolenis.edu.co\/index.php?rest_route=\/wp\/v2\/media\/1693"}],"wp:attachment":[{"href":"https:\/\/antoniolenis.edu.co\/index.php?rest_route=%2Fwp%2Fv2%2Fmedia&parent=1691"}],"wp:term":[{"taxonomy":"category","embeddable":true,"href":"https:\/\/antoniolenis.edu.co\/index.php?rest_route=%2Fwp%2Fv2%2Fcategories&post=1691"},{"taxonomy":"post_tag","embeddable":true,"href":"https:\/\/antoniolenis.edu.co\/index.php?rest_route=%2Fwp%2Fv2%2Ftags&post=1691"}],"curies":[{"name":"wp","href":"https:\/\/api.w.org\/{rel}","templated":true}]}}