{"id":1715,"date":"2020-03-18T10:54:44","date_gmt":"2020-03-18T15:54:44","guid":{"rendered":"http:\/\/antoniolenis.edu.co\/?p=1715"},"modified":"2020-03-18T11:03:07","modified_gmt":"2020-03-18T16:03:07","slug":"circular-021-mineducacion-guia-aislamiento-preventivo","status":"publish","type":"post","link":"https:\/\/antoniolenis.edu.co\/?p=1715","title":{"rendered":"Circular 021 MinEducaci\u00f3n, Gu\u00eda Aislamiento Preventivo"},"content":{"rendered":"<p>En atenci\u00f3n al llamado realizado por el ministerio de la salud y protecci\u00f3n social<br \/>\nal aislamiento preventivo, as\u00ed como a la necesidad de orientar sobre la forma en que se<br \/>\ndesarrollaran las actividades en el marco de la emergencia sanitaria, adjunto a esta circular<br \/>\nse presenta la gu\u00eda denominada \u00abAislamiento Preventivo:\u00a1 Junto en<br \/>\ncasa lo lograremos muy bien!\u00bb<\/p>\n<p><a href=\"https:\/\/antoniolenis.edu.co\/wp-content\/uploads\/2020\/03\/Documento-10.pdf.pdf.pdf\" target=\"_blank\" rel=\"noopener noreferrer\">Descague la Circular 021 de MinEducacion<\/a><\/p>\n<p><a href=\"https:\/\/antoniolenis.edu.co\/wp-content\/uploads\/2020\/03\/Guiaorientadorafamiliasquecuidan-y-protegen.pdf\" target=\"_blank\" rel=\"noopener noreferrer\">Descargue la Gu\u00eda Aqu\u00ed<\/a><\/p>\n","protected":false},"excerpt":{"rendered":"<p>En atenci\u00f3n al llamado realizado por el ministerio de la salud y protecci\u00f3n social al aislamiento preventivo, as\u00ed como a la necesidad de orientar sobre la forma en que se desarrollaran las actividades en el marco de la emergencia sanitaria,&#8230;<br \/><a class=\"read-more-button\" href=\"https:\/\/antoniolenis.edu.co\/?p=1715\">Leer m\u00e1s<\/a><\/p>\n","protected":false},"author":7,"featured_media":1717,"comment_status":"closed","ping_status":"closed","sticky":false,"template":"","format":"standard","meta":{"footnotes":""},"categories":[1],"tags":[],"class_list":["post-1715","post","type-post","status-publish","format-standard","has-post-thumbnail","hentry","category-noticias"],"_links":{"self":[{"href":"https:\/\/antoniolenis.edu.co\/index.php?rest_route=\/wp\/v2\/posts\/1715","targetHints":{"allow":["GET"]}}],"collection":[{"href":"https:\/\/antoniolenis.edu.co\/index.php?rest_route=\/wp\/v2\/posts"}],"about":[{"href":"https:\/\/antoniolenis.edu.co\/index.php?rest_route=\/wp\/v2\/types\/post"}],"author":[{"embeddable":true,"href":"https:\/\/antoniolenis.edu.co\/index.php?rest_route=\/wp\/v2\/users\/7"}],"replies":[{"embeddable":true,"href":"https:\/\/antoniolenis.edu.co\/index.php?rest_route=%2Fwp%2Fv2%2Fcomments&post=1715"}],"version-history":[{"count":3,"href":"https:\/\/antoniolenis.edu.co\/index.php?rest_route=\/wp\/v2\/posts\/1715\/revisions"}],"predecessor-version":[{"id":1721,"href":"https:\/\/antoniolenis.edu.co\/index.php?rest_route=\/wp\/v2\/posts\/1715\/revisions\/1721"}],"wp:featuredmedia":[{"embeddable":true,"href":"https:\/\/antoniolenis.edu.co\/index.php?rest_route=\/wp\/v2\/media\/1717"}],"wp:attachment":[{"href":"https:\/\/antoniolenis.edu.co\/index.php?rest_route=%2Fwp%2Fv2%2Fmedia&parent=1715"}],"wp:term":[{"taxonomy":"category","embeddable":true,"href":"https:\/\/antoniolenis.edu.co\/index.php?rest_route=%2Fwp%2Fv2%2Fcategories&post=1715"},{"taxonomy":"post_tag","embeddable":true,"href":"https:\/\/antoniolenis.edu.co\/index.php?rest_route=%2Fwp%2Fv2%2Ftags&post=1715"}],"curies":[{"name":"wp","href":"https:\/\/api.w.org\/{rel}","templated":true}]}}