{"id":1722,"date":"2020-03-20T23:48:56","date_gmt":"2020-03-21T04:48:56","guid":{"rendered":"http:\/\/antoniolenis.edu.co\/?p=1722"},"modified":"2020-03-20T23:55:51","modified_gmt":"2020-03-21T04:55:51","slug":"aislamiento-total-preventivo","status":"publish","type":"post","link":"https:\/\/antoniolenis.edu.co\/?p=1722","title":{"rendered":"Aislamiento Total Preventivo"},"content":{"rendered":"<p><img loading=\"lazy\" decoding=\"async\" class=\"size-full wp-image-1723 alignleft\" src=\"https:\/\/antoniolenis.edu.co\/wp-content\/uploads\/2020\/03\/LENIS-P.jpeg\" alt=\"\" width=\"1280\" height=\"1280\" srcset=\"https:\/\/antoniolenis.edu.co\/wp-content\/uploads\/2020\/03\/LENIS-P.jpeg 1280w, https:\/\/antoniolenis.edu.co\/wp-content\/uploads\/2020\/03\/LENIS-P-768x768.jpeg 768w, https:\/\/antoniolenis.edu.co\/wp-content\/uploads\/2020\/03\/LENIS-P-956x956.jpeg 956w\" sizes=\"auto, (max-width: 1280px) 100vw, 1280px\" \/><\/p>\n<p>Atenci\u00f3n: Colombia entrar\u00e1 a cuarentena total.<\/p>\n<p>En una decisi\u00f3n sin precedentes, el presidente Iv\u00e1n Duque, en el marco de la declaraci\u00f3n de emergencia nacional y de la pandemia por el nuevo coronavirus, decidi\u00f3 atender la solicitud de los gremios del sector de la salud y declar\u00f3 cuarentena total en Colombia a partir del pr\u00f3ximo mi\u00e9rcoles y hasta el 13 de abril.<\/p>\n<p>&nbsp;<\/p>\n","protected":false},"excerpt":{"rendered":"<p>Atenci\u00f3n: Colombia entrar\u00e1 a cuarentena total. En una decisi\u00f3n sin precedentes, el presidente Iv\u00e1n Duque, en el marco de la declaraci\u00f3n de emergencia nacional y de la pandemia por el nuevo coronavirus, decidi\u00f3 atender la solicitud de los gremios del&#8230;<br \/><a class=\"read-more-button\" href=\"https:\/\/antoniolenis.edu.co\/?p=1722\">Leer m\u00e1s<\/a><\/p>\n","protected":false},"author":7,"featured_media":1723,"comment_status":"closed","ping_status":"closed","sticky":false,"template":"","format":"standard","meta":{"footnotes":""},"categories":[1],"tags":[],"class_list":["post-1722","post","type-post","status-publish","format-standard","has-post-thumbnail","hentry","category-noticias"],"_links":{"self":[{"href":"https:\/\/antoniolenis.edu.co\/index.php?rest_route=\/wp\/v2\/posts\/1722","targetHints":{"allow":["GET"]}}],"collection":[{"href":"https:\/\/antoniolenis.edu.co\/index.php?rest_route=\/wp\/v2\/posts"}],"about":[{"href":"https:\/\/antoniolenis.edu.co\/index.php?rest_route=\/wp\/v2\/types\/post"}],"author":[{"embeddable":true,"href":"https:\/\/antoniolenis.edu.co\/index.php?rest_route=\/wp\/v2\/users\/7"}],"replies":[{"embeddable":true,"href":"https:\/\/antoniolenis.edu.co\/index.php?rest_route=%2Fwp%2Fv2%2Fcomments&post=1722"}],"version-history":[{"count":3,"href":"https:\/\/antoniolenis.edu.co\/index.php?rest_route=\/wp\/v2\/posts\/1722\/revisions"}],"predecessor-version":[{"id":1726,"href":"https:\/\/antoniolenis.edu.co\/index.php?rest_route=\/wp\/v2\/posts\/1722\/revisions\/1726"}],"wp:featuredmedia":[{"embeddable":true,"href":"https:\/\/antoniolenis.edu.co\/index.php?rest_route=\/wp\/v2\/media\/1723"}],"wp:attachment":[{"href":"https:\/\/antoniolenis.edu.co\/index.php?rest_route=%2Fwp%2Fv2%2Fmedia&parent=1722"}],"wp:term":[{"taxonomy":"category","embeddable":true,"href":"https:\/\/antoniolenis.edu.co\/index.php?rest_route=%2Fwp%2Fv2%2Fcategories&post=1722"},{"taxonomy":"post_tag","embeddable":true,"href":"https:\/\/antoniolenis.edu.co\/index.php?rest_route=%2Fwp%2Fv2%2Ftags&post=1722"}],"curies":[{"name":"wp","href":"https:\/\/api.w.org\/{rel}","templated":true}]}}