{"id":1832,"date":"2020-07-13T12:42:51","date_gmt":"2020-07-13T17:42:51","guid":{"rendered":"http:\/\/antoniolenis.edu.co\/?p=1832"},"modified":"2020-07-13T12:43:23","modified_gmt":"2020-07-13T17:43:23","slug":"i-e-a-l-sentido-adios-companera-diana-bertel","status":"publish","type":"post","link":"https:\/\/antoniolenis.edu.co\/?p=1832","title":{"rendered":"I.E.A.L. sentido adi\u00f3s compa\u00f1era Diana Bertel"},"content":{"rendered":"<div dir=\"auto\">Estudiantes y egresados de la Instituci\u00f3n Educativa Antonio Lenis de Sincelejo lamentamos con profundo dolor la partida f\u00edsica de nuestra docente Diana, a qui\u00e9n recordaremos con la alegr\u00eda, la fuerza y la sensibilidad art\u00edstica que la caracteriz\u00f3 siempre.<\/div>\n<div dir=\"auto\"><\/div>\n<div dir=\"auto\">Solicitamos un espacio para ella en las oraciones y la memoria lenista, y que su trabajo, que sembr\u00f3 en los corazones de quienes, al igual que yo, expresaron y encontraron la voz del arte bajo sus ense\u00f1anzas, se convierta en el mayor homenaje p\u00f3stumo.<\/div>\n","protected":false},"excerpt":{"rendered":"<p>Estudiantes y egresados de la Instituci\u00f3n Educativa Antonio Lenis de Sincelejo lamentamos con profundo dolor la partida f\u00edsica de nuestra docente Diana, a qui\u00e9n recordaremos con la alegr\u00eda, la fuerza y la sensibilidad art\u00edstica que la caracteriz\u00f3 siempre. Solicitamos un&#8230;<br \/><a class=\"read-more-button\" href=\"https:\/\/antoniolenis.edu.co\/?p=1832\">Leer m\u00e1s<\/a><\/p>\n","protected":false},"author":7,"featured_media":1833,"comment_status":"closed","ping_status":"closed","sticky":false,"template":"","format":"standard","meta":{"footnotes":""},"categories":[1],"tags":[],"class_list":["post-1832","post","type-post","status-publish","format-standard","has-post-thumbnail","hentry","category-noticias"],"_links":{"self":[{"href":"https:\/\/antoniolenis.edu.co\/index.php?rest_route=\/wp\/v2\/posts\/1832","targetHints":{"allow":["GET"]}}],"collection":[{"href":"https:\/\/antoniolenis.edu.co\/index.php?rest_route=\/wp\/v2\/posts"}],"about":[{"href":"https:\/\/antoniolenis.edu.co\/index.php?rest_route=\/wp\/v2\/types\/post"}],"author":[{"embeddable":true,"href":"https:\/\/antoniolenis.edu.co\/index.php?rest_route=\/wp\/v2\/users\/7"}],"replies":[{"embeddable":true,"href":"https:\/\/antoniolenis.edu.co\/index.php?rest_route=%2Fwp%2Fv2%2Fcomments&post=1832"}],"version-history":[{"count":1,"href":"https:\/\/antoniolenis.edu.co\/index.php?rest_route=\/wp\/v2\/posts\/1832\/revisions"}],"predecessor-version":[{"id":1834,"href":"https:\/\/antoniolenis.edu.co\/index.php?rest_route=\/wp\/v2\/posts\/1832\/revisions\/1834"}],"wp:featuredmedia":[{"embeddable":true,"href":"https:\/\/antoniolenis.edu.co\/index.php?rest_route=\/wp\/v2\/media\/1833"}],"wp:attachment":[{"href":"https:\/\/antoniolenis.edu.co\/index.php?rest_route=%2Fwp%2Fv2%2Fmedia&parent=1832"}],"wp:term":[{"taxonomy":"category","embeddable":true,"href":"https:\/\/antoniolenis.edu.co\/index.php?rest_route=%2Fwp%2Fv2%2Fcategories&post=1832"},{"taxonomy":"post_tag","embeddable":true,"href":"https:\/\/antoniolenis.edu.co\/index.php?rest_route=%2Fwp%2Fv2%2Ftags&post=1832"}],"curies":[{"name":"wp","href":"https:\/\/api.w.org\/{rel}","templated":true}]}}