{"id":2205,"date":"2021-09-28T11:45:19","date_gmt":"2021-09-28T16:45:19","guid":{"rendered":"http:\/\/antoniolenis.edu.co\/?p=2205"},"modified":"2021-09-28T11:57:27","modified_gmt":"2021-09-28T16:57:27","slug":"reunion-presencial-de-padres-de-familias","status":"publish","type":"post","link":"https:\/\/antoniolenis.edu.co\/?p=2205","title":{"rendered":"Reuni\u00f3n Presencial de Padres de familias"},"content":{"rendered":"\n<p><strong>EL SUSCRITO RECTOR DE LA INSTITUCI\u00d3N EDUCATIVA ANTONIO LENIS INVITA A REUNIONES PRESENCIALES A PADRES DE FAMILIA DE LA SEDE PRINCIPAL:<\/strong><\/p>\n\n\n\n<p><strong>Respetuosamente, se extiende invitaci\u00f3n a los padres de familia de la sede principal, a reuniones por niveles de grado, con el prop\u00f3sito de rendir informe sobre el retorno a la presencialidad de los estudiantes a partir del \u00faltimo periodo acad\u00e9mico del a\u00f1o lectivo 2021.\u00a0<\/strong><\/p>\n\n\n\n<p>CRONOGRAMA DE REUNIONES<\/p>\n\n\n\n<figure class=\"wp-block-table\"><table><tbody><tr><td><strong>FECHAS<\/strong><\/td><td><strong>HORA<\/strong><\/td><td><strong>JORNADA<\/strong><\/td><td><strong>GRADOS<\/strong><\/td><\/tr><tr><td>28 de septiembre<\/td><td>6:30 a.m.<\/td><td>Matinal<\/td><td>6\u00b0 y 7\u00b0 &nbsp;<\/td><\/tr><tr><td>3:00 p.m.<\/td><td>Vespertina<\/td><\/tr><tr><td>&nbsp;<\/td><td>&nbsp;<\/td><td>&nbsp;<\/td><td>&nbsp;<\/td><\/tr><tr><td>29 de septiembre<\/td><td>6:30 a.m.<\/td><td>Matinal<\/td><td>8\u00b0 y 9\u00b0 &nbsp;<\/td><\/tr><tr><td>3:00 p.m.<\/td><td>Vespertina<\/td><\/tr><tr><td>&nbsp;<\/td><td>&nbsp;<\/td><td>&nbsp;<\/td><td>&nbsp;<\/td><\/tr><tr><td>01 de octubre<\/td><td>6:30 a.m.<\/td><td>Matinal<\/td><td>10\u00b0<\/td><\/tr><tr><td>3:00 p.m.<\/td><td>Vespertina<\/td><\/tr><tr><td>&nbsp;<\/td><td>&nbsp;<\/td><td>&nbsp;<\/td><td>&nbsp;<\/td><\/tr><tr><td>04 de octubre<\/td><td>6:30 a.m.<\/td><td>Matinal<\/td><td>11\u00b0<\/td><\/tr><tr><td>3:00 p.m.<\/td><td>Vespertina<\/td><\/tr><\/tbody><\/table><\/figure>\n\n\n\n<p><strong>P.D.<\/strong> En la reuni\u00f3n de padres de familia del grado 11 se informar\u00e1 sobre el acto de graduaci\u00f3n de la Promoci\u00f3n 2021.<\/p>\n","protected":false},"excerpt":{"rendered":"<p>EL SUSCRITO RECTOR DE LA INSTITUCI\u00d3N EDUCATIVA ANTONIO LENIS INVITA A REUNIONES PRESENCIALES A PADRES DE FAMILIA DE LA SEDE PRINCIPAL: Respetuosamente, se extiende invitaci\u00f3n a los padres de familia de la sede principal, a reuniones por niveles de grado,&#8230;<br \/><a class=\"read-more-button\" href=\"https:\/\/antoniolenis.edu.co\/?p=2205\">Leer m\u00e1s<\/a><\/p>\n","protected":false},"author":7,"featured_media":2207,"comment_status":"closed","ping_status":"closed","sticky":false,"template":"","format":"standard","meta":{"footnotes":""},"categories":[1],"tags":[],"class_list":["post-2205","post","type-post","status-publish","format-standard","has-post-thumbnail","hentry","category-noticias"],"_links":{"self":[{"href":"https:\/\/antoniolenis.edu.co\/index.php?rest_route=\/wp\/v2\/posts\/2205","targetHints":{"allow":["GET"]}}],"collection":[{"href":"https:\/\/antoniolenis.edu.co\/index.php?rest_route=\/wp\/v2\/posts"}],"about":[{"href":"https:\/\/antoniolenis.edu.co\/index.php?rest_route=\/wp\/v2\/types\/post"}],"author":[{"embeddable":true,"href":"https:\/\/antoniolenis.edu.co\/index.php?rest_route=\/wp\/v2\/users\/7"}],"replies":[{"embeddable":true,"href":"https:\/\/antoniolenis.edu.co\/index.php?rest_route=%2Fwp%2Fv2%2Fcomments&post=2205"}],"version-history":[{"count":1,"href":"https:\/\/antoniolenis.edu.co\/index.php?rest_route=\/wp\/v2\/posts\/2205\/revisions"}],"predecessor-version":[{"id":2206,"href":"https:\/\/antoniolenis.edu.co\/index.php?rest_route=\/wp\/v2\/posts\/2205\/revisions\/2206"}],"wp:featuredmedia":[{"embeddable":true,"href":"https:\/\/antoniolenis.edu.co\/index.php?rest_route=\/wp\/v2\/media\/2207"}],"wp:attachment":[{"href":"https:\/\/antoniolenis.edu.co\/index.php?rest_route=%2Fwp%2Fv2%2Fmedia&parent=2205"}],"wp:term":[{"taxonomy":"category","embeddable":true,"href":"https:\/\/antoniolenis.edu.co\/index.php?rest_route=%2Fwp%2Fv2%2Fcategories&post=2205"},{"taxonomy":"post_tag","embeddable":true,"href":"https:\/\/antoniolenis.edu.co\/index.php?rest_route=%2Fwp%2Fv2%2Ftags&post=2205"}],"curies":[{"name":"wp","href":"https:\/\/api.w.org\/{rel}","templated":true}]}}