{"id":2339,"date":"2022-11-25T06:29:47","date_gmt":"2022-11-25T11:29:47","guid":{"rendered":"http:\/\/antoniolenis.edu.co\/?p=2339"},"modified":"2022-12-27T14:40:07","modified_gmt":"2022-12-27T19:40:07","slug":"listado-final-de-admitidos-2023","status":"publish","type":"post","link":"https:\/\/antoniolenis.edu.co\/?p=2339","title":{"rendered":"Listado Final de Admitidos 2023"},"content":{"rendered":"\n<p>Por favor lea con atenci\u00f3n la siguiente informaci\u00f3n:<\/p>\n\n\n\n<ol class=\"wp-block-list\" type=\"1\">\n<li>Para ver los listados de admitidos de click en el bot\u00f3n descargar<\/li>\n\n\n\n<li>Los padres, madres o acudiente autorizado deben asistir <strong>de car\u00e1cter obligatorio<\/strong> a la inducci\u00f3n para legalizar matricula en la fecha y hora estipulada.<\/li>\n<\/ol>\n\n\n\n<p>Lugar: sede principal Majagual &#8211; biblioteca<\/p>\n\n\n\n<p><strong>NOTA: Si no asiste a la reuni\u00f3n de inducci\u00f3n pierde el cupo y se le asignara a otro aspirante.<\/strong><\/p>\n\n\n\n<figure class=\"wp-block-table\"><table><tbody><tr><td>N\u00b0 de lista<\/td><td>D\u00eda<\/td><td>Hora<\/td><\/tr><tr><td>Del 1 al 35 (Matinal)<\/td><td>18 de Enero de 2023<\/td><td>8:00 am a 9:30 am<\/td><\/tr><tr><td>Del 36 al 70 (matinal)<\/td><td>18 de Enero de 2023<\/td><td>10:00 am a 11:30 am<\/td><\/tr><tr><td>Del 1 al 26 (Vespertina)<\/td><td>19 de Enero de 2023<\/td><td>8:00 am a 9:30 am<\/td><\/tr><tr><td>Los estudiantes que se inscribieron para la jornada matinal, que no fueron admitidos y que desean estudiar en la jornada vespertina<\/td><td>19 de Enero de 2023<\/td><td>10:00 am a 11:30 am<\/td><\/tr><tr><td>Sede Mercedes Abrego y Sede Carrenales jornada matinal<\/td><td>24 de enero de 2023<\/td><td>8:00 am a 9:30 am<\/td><\/tr><tr><td>Sede Carrenales vespertina<\/td><td>24 de enero de 2023<\/td><td>10:00 am a 11:30 am<\/td><\/tr><\/tbody><\/table><\/figure>\n\n\n\n<ol class=\"wp-block-list\" type=\"1\">\n<li>El proceso de legalizaci\u00f3n de matr\u00edcula se realizara a trav\u00e9s de la plataforma&nbsp;<a href=\"http:\/\/admisiones.antoniolenis.edu.co\/\" target=\"_blank\" rel=\"noreferrer noopener\">http:\/\/admisiones.antoniolenis.edu.co\/<\/a>&nbsp;<strong>a partir del 18 de Enero de 2023 y&nbsp;hasta el d\u00eda 25&nbsp;del mismo mes.<\/strong><\/li>\n\n\n\n<li><strong>Los estudiantes que se inscribieron en la jornada matinal en la sede principal y no fueron admitidos se les asign\u00f3 cupo en la jornada vespertina, si desean estudiar en la jornada vespertina, pueden comunicarse con el coordinador&nbsp;Nelson Arroyo e informar que aceptan el cupo.<\/strong><\/li>\n\n\n\n<li>Documentos requeridos para legalizar matr\u00edcula<strong><\/strong><\/li>\n<\/ol>\n\n\n\n<p>Prepare los siguientes documentos en formato PDF:<\/p>\n\n\n\n<ul class=\"wp-block-list\">\n<li>PDF de certificados de estudio de a\u00f1os anteriores al solicitado (el certificado de grado 5\u00b0 avala el nivel de primaria y el de grado 9\u00b0 todos los grados anteriores, en los dem\u00e1s casos anexar el certificado del a\u00f1o anterior).<br>PDF Liberaci\u00f3n del SIMAT (Opcional).<br>PDF certificado de afiliaci\u00f3n a salud.<br>PDF del diagn\u00f3stico, certificaci\u00f3n o concepto m\u00e9dico sobre la discapacidad o el trastorno espec\u00edfico del aprendizaje o del comportamiento emitido por el Sector Salud (seg\u00fan sea el caso).<\/li>\n<\/ul>\n\n\n\n<hr class=\"wp-block-separator has-css-opacity\"\/>\n\n\n\n<p><strong><em>NOTA:<\/em><\/strong><em>&nbsp;El certificado de estudio es un documento oficial donde se acredita los estudios que ha cursado y superado con \u00e9xito, el cual es expedido por la instituci\u00f3n de donde proviene.<\/em><\/p>\n\n\n\n<div class=\"wp-block-group\"><div class=\"wp-block-group__inner-container is-layout-flow wp-block-group-is-layout-flow\">\n<p>LISTADO DE ADMITIDOS 2023 GRADO 6\u00b0  MATINAL  SEDE PRINCIPAL &nbsp;&nbsp;&nbsp;      <a class=\"wp-block-button__link has-white-color has-vivid-red-background-color has-text-color has-background\" href=\"https:\/\/antoniolenis.edu.co\/wp-content\/uploads\/2022\/11\/ADMITIDOS_2023_SEXTO_MATINAL.pdf\" target=\"_blank\" rel=\"noopener\">Descarga<\/a>    <\/p>\n\n\n\n<p>LISTADO DE ADMITIDOS 2023 GRADO 6\u00b0  VESPERTINA SEDE PRINCIPAL &nbsp;&nbsp;&nbsp;      <a class=\"wp-block-button__link has-white-color has-vivid-red-background-color has-text-color has-background\" href=\"https:\/\/antoniolenis.edu.co\/wp-content\/uploads\/2022\/11\/ADMITIDOS_2023_SEXTO_VESPERTINA.pdf\" target=\"_blank\" rel=\"noopener\">Descarga<\/a>    <\/p>\n\n\n\n<p>LISTADO DE ADMITIDOS 2023 GRADO 6\u00b0  MATINAL SEDE CARRENALES &nbsp;&nbsp;&nbsp;    <a class=\"wp-block-button__link has-white-color has-vivid-red-background-color has-text-color has-background\" href=\"https:\/\/antoniolenis.edu.co\/wp-content\/uploads\/2022\/11\/ADMITIDOS_2023_SEDE-CARRENALES_MATINAL.pdf\" target=\"_blank\" rel=\"noopener\">Descarga<\/a>    <\/p>\n\n\n\n<p>LISTADO DE ADMITIDOS 2023 GRADO 6\u00b0  VESPERTINA SEDE CARRENALES&nbsp;&nbsp;&nbsp;   <a class=\"wp-block-button__link has-white-color has-vivid-red-background-color has-text-color has-background\" href=\"https:\/\/antoniolenis.edu.co\/wp-content\/uploads\/2022\/11\/ADMITIDOS_2023_SEDE-CARRENALES_VESPERTINA.pdf\" target=\"_blank\" rel=\"noopener\">Descarga<\/a>    <\/p>\n\n\n\n<p>LISTADO DE ADMITIDOS 2023 GRADO 6\u00b0  VESPERTINA SEDE MERCEDES ABREGO &nbsp;&nbsp;&nbsp;   <a class=\"wp-block-button__link has-white-color has-vivid-red-background-color has-text-color has-background\" href=\"https:\/\/antoniolenis.edu.co\/wp-content\/uploads\/2022\/11\/ADMITIDOS_2023_SEDE-MERCEDES-ABREGO.pdf\" target=\"_blank\" rel=\"noopener\">Descarga<\/a>    <\/p>\n\n\n\n<div class=\"wp-block-buttons is-layout-flex wp-block-buttons-is-layout-flex\"><\/div>\n\n\n\n<div class=\"wp-block-buttons is-layout-flex wp-block-buttons-is-layout-flex\"><\/div>\n<\/div><\/div>\n\n\n\n<p><\/p>\n","protected":false},"excerpt":{"rendered":"<p>Por favor lea con atenci\u00f3n la siguiente informaci\u00f3n: Lugar: sede principal Majagual &#8211; biblioteca NOTA: Si no asiste a la reuni\u00f3n de inducci\u00f3n pierde el cupo y se le asignara a otro aspirante. N\u00b0 de lista D\u00eda Hora Del 1&#8230;<br \/><a class=\"read-more-button\" href=\"https:\/\/antoniolenis.edu.co\/?p=2339\">Leer m\u00e1s<\/a><\/p>\n","protected":false},"author":7,"featured_media":0,"comment_status":"closed","ping_status":"open","sticky":false,"template":"","format":"standard","meta":{"footnotes":""},"categories":[15],"tags":[],"class_list":["post-2339","post","type-post","status-publish","format-standard","hentry","category-anuncios"],"_links":{"self":[{"href":"https:\/\/antoniolenis.edu.co\/index.php?rest_route=\/wp\/v2\/posts\/2339","targetHints":{"allow":["GET"]}}],"collection":[{"href":"https:\/\/antoniolenis.edu.co\/index.php?rest_route=\/wp\/v2\/posts"}],"about":[{"href":"https:\/\/antoniolenis.edu.co\/index.php?rest_route=\/wp\/v2\/types\/post"}],"author":[{"embeddable":true,"href":"https:\/\/antoniolenis.edu.co\/index.php?rest_route=\/wp\/v2\/users\/7"}],"replies":[{"embeddable":true,"href":"https:\/\/antoniolenis.edu.co\/index.php?rest_route=%2Fwp%2Fv2%2Fcomments&post=2339"}],"version-history":[{"count":20,"href":"https:\/\/antoniolenis.edu.co\/index.php?rest_route=\/wp\/v2\/posts\/2339\/revisions"}],"predecessor-version":[{"id":2378,"href":"https:\/\/antoniolenis.edu.co\/index.php?rest_route=\/wp\/v2\/posts\/2339\/revisions\/2378"}],"wp:attachment":[{"href":"https:\/\/antoniolenis.edu.co\/index.php?rest_route=%2Fwp%2Fv2%2Fmedia&parent=2339"}],"wp:term":[{"taxonomy":"category","embeddable":true,"href":"https:\/\/antoniolenis.edu.co\/index.php?rest_route=%2Fwp%2Fv2%2Fcategories&post=2339"},{"taxonomy":"post_tag","embeddable":true,"href":"https:\/\/antoniolenis.edu.co\/index.php?rest_route=%2Fwp%2Fv2%2Ftags&post=2339"}],"curies":[{"name":"wp","href":"https:\/\/api.w.org\/{rel}","templated":true}]}}