{"id":2597,"date":"2023-09-29T14:27:06","date_gmt":"2023-09-29T19:27:06","guid":{"rendered":"https:\/\/antoniolenis.edu.co\/?p=2597"},"modified":"2023-10-01T11:24:06","modified_gmt":"2023-10-01T16:24:06","slug":"feria-de-emprendimiento","status":"publish","type":"post","link":"https:\/\/antoniolenis.edu.co\/?p=2597","title":{"rendered":"Feria de Emprendimiento"},"content":{"rendered":"\n<p>La Instituci\u00f3n Educativa Antonio Lenis, el Proyecto Mediadores de Conflicto, los padres, madres y\/o cuidadores de los menores estudiantes invitan a toda la comunidad sincelejana a la gran Feria de Emprendimiento que se realizar\u00e1 los d\u00edas 5 y 6 de octubre de 2023. En ella los emprendedores lenistas mostrar\u00e1n productos fruto de sus iniciativas de negocio. Los esperamos con los brazos abiertos para que disfruten de un evento formativo, familiar y empresarial.<br>Fecha de apertura de la feria: 5 de octubre de 2023.<br>Hora:&nbsp;7.00&nbsp;a.m.<\/p>\n\n\n\n<figure class=\"wp-block-image size-full\"><img loading=\"lazy\" decoding=\"async\" width=\"879\" height=\"1393\" src=\"https:\/\/antoniolenis.edu.co\/wp-content\/uploads\/2023\/09\/feria.jpg\" alt=\"\" class=\"wp-image-2601\" srcset=\"https:\/\/antoniolenis.edu.co\/wp-content\/uploads\/2023\/09\/feria.jpg 879w, https:\/\/antoniolenis.edu.co\/wp-content\/uploads\/2023\/09\/feria-768x1217.jpg 768w\" sizes=\"auto, (max-width: 879px) 100vw, 879px\" \/><\/figure>\n","protected":false},"excerpt":{"rendered":"<p>La Instituci\u00f3n Educativa Antonio Lenis, el Proyecto Mediadores de Conflicto, los padres, madres y\/o cuidadores de los menores estudiantes invitan a toda la comunidad sincelejana a la gran Feria de Emprendimiento que se realizar\u00e1 los d\u00edas 5 y 6 de&#8230;<br \/><a class=\"read-more-button\" href=\"https:\/\/antoniolenis.edu.co\/?p=2597\">Leer m\u00e1s<\/a><\/p>\n","protected":false},"author":7,"featured_media":0,"comment_status":"closed","ping_status":"closed","sticky":false,"template":"","format":"standard","meta":{"footnotes":""},"categories":[1],"tags":[],"class_list":["post-2597","post","type-post","status-publish","format-standard","hentry","category-noticias"],"_links":{"self":[{"href":"https:\/\/antoniolenis.edu.co\/index.php?rest_route=\/wp\/v2\/posts\/2597","targetHints":{"allow":["GET"]}}],"collection":[{"href":"https:\/\/antoniolenis.edu.co\/index.php?rest_route=\/wp\/v2\/posts"}],"about":[{"href":"https:\/\/antoniolenis.edu.co\/index.php?rest_route=\/wp\/v2\/types\/post"}],"author":[{"embeddable":true,"href":"https:\/\/antoniolenis.edu.co\/index.php?rest_route=\/wp\/v2\/users\/7"}],"replies":[{"embeddable":true,"href":"https:\/\/antoniolenis.edu.co\/index.php?rest_route=%2Fwp%2Fv2%2Fcomments&post=2597"}],"version-history":[{"count":2,"href":"https:\/\/antoniolenis.edu.co\/index.php?rest_route=\/wp\/v2\/posts\/2597\/revisions"}],"predecessor-version":[{"id":2606,"href":"https:\/\/antoniolenis.edu.co\/index.php?rest_route=\/wp\/v2\/posts\/2597\/revisions\/2606"}],"wp:attachment":[{"href":"https:\/\/antoniolenis.edu.co\/index.php?rest_route=%2Fwp%2Fv2%2Fmedia&parent=2597"}],"wp:term":[{"taxonomy":"category","embeddable":true,"href":"https:\/\/antoniolenis.edu.co\/index.php?rest_route=%2Fwp%2Fv2%2Fcategories&post=2597"},{"taxonomy":"post_tag","embeddable":true,"href":"https:\/\/antoniolenis.edu.co\/index.php?rest_route=%2Fwp%2Fv2%2Ftags&post=2597"}],"curies":[{"name":"wp","href":"https:\/\/api.w.org\/{rel}","templated":true}]}}