{"id":2746,"date":"2024-09-27T15:26:35","date_gmt":"2024-09-27T20:26:35","guid":{"rendered":"https:\/\/antoniolenis.edu.co\/?p=2746"},"modified":"2024-09-27T16:12:43","modified_gmt":"2024-09-27T21:12:43","slug":"gran-jornada-cultural","status":"publish","type":"post","link":"https:\/\/antoniolenis.edu.co\/?p=2746","title":{"rendered":"Gran jornada cultural"},"content":{"rendered":"\n<p>Querida comunidad educativa,<br>Nos llena de alegr\u00eda anunciar nuestra Gran Jornada Cultural, que se llevar\u00e1 a cabo los d\u00edas <strong>jueves 3, viernes 4 y s\u00e1bado 5 de octubre<\/strong>. Durante estos tres d\u00edas, nuestra instituci\u00f3n se convertir\u00e1 en un escenario vibrante de arte, talento y creatividad, donde celebraremos lo mejor de nuestra cultura y tradiciones.<\/p>\n\n\n\n<p>Es el momento perfecto para compartir en familia y vivir la magia de la danza, la m\u00fasica, el teatro y muchas otras expresiones art\u00edsticas que nuestros estudiantes, docentes y colaboradores han preparado con tanto entusiasmo. Cada rinc\u00f3n de la instituci\u00f3n estar\u00e1 lleno de actividades que nos recordar\u00e1n la riqueza cultural de nuestra regi\u00f3n y pa\u00eds.<\/p>\n\n\n\n<p>\u00a1No te pierdas la oportunidad de ser parte de este evento que une a nuestra comunidad y resalta el talento de nuestros j\u00f3venes! Ven, disfruta, participa y apoya a nuestros artistas y talentos locales. La Gran Jornada Cultural es para todos y queremos que seas parte de esta maravillosa experiencia.<\/p>\n\n\n\n<p>\u00a1Te esperamos con los brazos abiertos para celebrar juntos el arte y la cultura en la Instituci\u00f3n Educativa Antonio Lenis!<\/p>\n\n\n\n<p><strong>\u00a1No faltes, te esperamos!<\/strong><\/p>\n","protected":false},"excerpt":{"rendered":"<p>Querida comunidad educativa,Nos llena de alegr\u00eda anunciar nuestra Gran Jornada Cultural, que se llevar\u00e1 a cabo los d\u00edas jueves 3, viernes 4 y s\u00e1bado 5 de octubre. Durante estos tres d\u00edas, nuestra instituci\u00f3n se convertir\u00e1 en un escenario vibrante de&#8230;<br \/><a class=\"read-more-button\" href=\"https:\/\/antoniolenis.edu.co\/?p=2746\">Leer m\u00e1s<\/a><\/p>\n","protected":false},"author":7,"featured_media":2747,"comment_status":"closed","ping_status":"closed","sticky":false,"template":"","format":"standard","meta":{"footnotes":""},"categories":[14],"tags":[],"class_list":["post-2746","post","type-post","status-publish","format-standard","has-post-thumbnail","hentry","category-cultura"],"_links":{"self":[{"href":"https:\/\/antoniolenis.edu.co\/index.php?rest_route=\/wp\/v2\/posts\/2746","targetHints":{"allow":["GET"]}}],"collection":[{"href":"https:\/\/antoniolenis.edu.co\/index.php?rest_route=\/wp\/v2\/posts"}],"about":[{"href":"https:\/\/antoniolenis.edu.co\/index.php?rest_route=\/wp\/v2\/types\/post"}],"author":[{"embeddable":true,"href":"https:\/\/antoniolenis.edu.co\/index.php?rest_route=\/wp\/v2\/users\/7"}],"replies":[{"embeddable":true,"href":"https:\/\/antoniolenis.edu.co\/index.php?rest_route=%2Fwp%2Fv2%2Fcomments&post=2746"}],"version-history":[{"count":2,"href":"https:\/\/antoniolenis.edu.co\/index.php?rest_route=\/wp\/v2\/posts\/2746\/revisions"}],"predecessor-version":[{"id":2749,"href":"https:\/\/antoniolenis.edu.co\/index.php?rest_route=\/wp\/v2\/posts\/2746\/revisions\/2749"}],"wp:featuredmedia":[{"embeddable":true,"href":"https:\/\/antoniolenis.edu.co\/index.php?rest_route=\/wp\/v2\/media\/2747"}],"wp:attachment":[{"href":"https:\/\/antoniolenis.edu.co\/index.php?rest_route=%2Fwp%2Fv2%2Fmedia&parent=2746"}],"wp:term":[{"taxonomy":"category","embeddable":true,"href":"https:\/\/antoniolenis.edu.co\/index.php?rest_route=%2Fwp%2Fv2%2Fcategories&post=2746"},{"taxonomy":"post_tag","embeddable":true,"href":"https:\/\/antoniolenis.edu.co\/index.php?rest_route=%2Fwp%2Fv2%2Ftags&post=2746"}],"curies":[{"name":"wp","href":"https:\/\/api.w.org\/{rel}","templated":true}]}}