{"id":2782,"date":"2025-06-26T14:22:20","date_gmt":"2025-06-26T19:22:20","guid":{"rendered":"https:\/\/antoniolenis.edu.co\/?p=2782"},"modified":"2025-06-26T14:33:51","modified_gmt":"2025-06-26T19:33:51","slug":"primer-foro-de-pensamiento-computacional","status":"publish","type":"post","link":"https:\/\/antoniolenis.edu.co\/?p=2782","title":{"rendered":"Primer Foro de Pensamiento Computacional"},"content":{"rendered":"\n<p>Est\u00e1n cordialmente invitados al <strong>Primer Foro de Pensamiento Computacional<\/strong> que organiza la Instituci\u00f3n Educativa Antonio Lenis, el pr\u00f3ximo <strong>18 de julio de 2025 a las 8:00 AM<\/strong> en la Biblioteca Departamental Jos\u00e9 El\u00edas Curi, Sincelejo &#8211; Colombia.<\/p>\n\n\n\n<p>Este evento <strong>gratuito<\/strong> ser\u00e1 un espacio dedicado al intercambio de experiencias, conocimientos y buenas pr\u00e1cticas en el uso de tecnolog\u00edas digitales y desarrollo de habilidades computacionales en el \u00e1mbito educativo. Trabajaremos con herramientas como Scratch, micro:bit, Arduino, Minecraft Education y Steam.<\/p>\n\n\n\n<p><strong>Recepci\u00f3n de ponencias hasta el 12 de julio de 2025<\/strong> v\u00eda correo electr\u00f3nico.<\/p>\n\n\n\n<p>Para mayor informaci\u00f3n, contactar a <a href=\"mailto:sandra.dehoyos76@sincelejoaprende.edu.co\">sandra.dehoyos76@sincelejoaprende.edu.co<\/a> o al 3162775388.<\/p>\n\n\n\n<p>Les comparto el afiche promocional adjunto.<\/p>\n\n\n\n<p><strong>\u00a1Los esperamos!<\/strong><br><\/p>\n\n\n\n<figure class=\"wp-block-image size-full\"><img loading=\"lazy\" decoding=\"async\" width=\"1131\" height=\"1600\" src=\"https:\/\/antoniolenis.edu.co\/wp-content\/uploads\/2025\/06\/image.png\" alt=\"\" class=\"wp-image-2783\" srcset=\"https:\/\/antoniolenis.edu.co\/wp-content\/uploads\/2025\/06\/image.png 1131w, https:\/\/antoniolenis.edu.co\/wp-content\/uploads\/2025\/06\/image-768x1086.png 768w, https:\/\/antoniolenis.edu.co\/wp-content\/uploads\/2025\/06\/image-1086x1536.png 1086w, https:\/\/antoniolenis.edu.co\/wp-content\/uploads\/2025\/06\/image-956x1352.png 956w\" sizes=\"auto, (max-width: 1131px) 100vw, 1131px\" \/><\/figure>\n","protected":false},"excerpt":{"rendered":"<p>Est\u00e1n cordialmente invitados al Primer Foro de Pensamiento Computacional que organiza la Instituci\u00f3n Educativa Antonio Lenis, el pr\u00f3ximo 18 de julio de 2025 a las 8:00 AM en la Biblioteca Departamental Jos\u00e9 El\u00edas Curi, Sincelejo &#8211; Colombia. Este evento gratuito&#8230;<br \/><a class=\"read-more-button\" href=\"https:\/\/antoniolenis.edu.co\/?p=2782\">Leer m\u00e1s<\/a><\/p>\n","protected":false},"author":7,"featured_media":2786,"comment_status":"closed","ping_status":"closed","sticky":false,"template":"","format":"standard","meta":{"footnotes":""},"categories":[15],"tags":[],"class_list":["post-2782","post","type-post","status-publish","format-standard","has-post-thumbnail","hentry","category-anuncios"],"_links":{"self":[{"href":"https:\/\/antoniolenis.edu.co\/index.php?rest_route=\/wp\/v2\/posts\/2782","targetHints":{"allow":["GET"]}}],"collection":[{"href":"https:\/\/antoniolenis.edu.co\/index.php?rest_route=\/wp\/v2\/posts"}],"about":[{"href":"https:\/\/antoniolenis.edu.co\/index.php?rest_route=\/wp\/v2\/types\/post"}],"author":[{"embeddable":true,"href":"https:\/\/antoniolenis.edu.co\/index.php?rest_route=\/wp\/v2\/users\/7"}],"replies":[{"embeddable":true,"href":"https:\/\/antoniolenis.edu.co\/index.php?rest_route=%2Fwp%2Fv2%2Fcomments&post=2782"}],"version-history":[{"count":1,"href":"https:\/\/antoniolenis.edu.co\/index.php?rest_route=\/wp\/v2\/posts\/2782\/revisions"}],"predecessor-version":[{"id":2784,"href":"https:\/\/antoniolenis.edu.co\/index.php?rest_route=\/wp\/v2\/posts\/2782\/revisions\/2784"}],"wp:featuredmedia":[{"embeddable":true,"href":"https:\/\/antoniolenis.edu.co\/index.php?rest_route=\/wp\/v2\/media\/2786"}],"wp:attachment":[{"href":"https:\/\/antoniolenis.edu.co\/index.php?rest_route=%2Fwp%2Fv2%2Fmedia&parent=2782"}],"wp:term":[{"taxonomy":"category","embeddable":true,"href":"https:\/\/antoniolenis.edu.co\/index.php?rest_route=%2Fwp%2Fv2%2Fcategories&post=2782"},{"taxonomy":"post_tag","embeddable":true,"href":"https:\/\/antoniolenis.edu.co\/index.php?rest_route=%2Fwp%2Fv2%2Ftags&post=2782"}],"curies":[{"name":"wp","href":"https:\/\/api.w.org\/{rel}","templated":true}]}}