{"id":2905,"date":"2026-02-06T21:29:24","date_gmt":"2026-02-07T02:29:24","guid":{"rendered":"https:\/\/antoniolenis.edu.co\/?p=2905"},"modified":"2026-02-06T21:31:14","modified_gmt":"2026-02-07T02:31:14","slug":"regresan-nuestros-centros-de-interes","status":"publish","type":"post","link":"https:\/\/antoniolenis.edu.co\/?p=2905","title":{"rendered":"\u00a1Regresan nuestros Centros de Inter\u00e9s!"},"content":{"rendered":"\n<p>Querida comunidad Lenista, nos emociona anunciar que estamos <strong>de vuelta con los Centros de Inter\u00e9s<\/strong>, espacios dise\u00f1ados para fortalecer la formaci\u00f3n integral de nuestros estudiantes. A trav\u00e9s de la creatividad, el juego, la reflexi\u00f3n y la convivencia, seguimos educando para la vida.<\/p>\n\n\n\n<p><strong>Nuestra cita:<\/strong> Todos los martes y jueves antes del descanso. \u00a1No te lo pierdas, el conocimiento se encuentra con la diversi\u00f3n!<\/p>\n\n\n\n<figure class=\"wp-block-image size-full\"><img loading=\"lazy\" decoding=\"async\" width=\"1141\" height=\"1600\" src=\"https:\/\/antoniolenis.edu.co\/wp-content\/uploads\/2026\/02\/WhatsApp-Image-2026-02-06-at-5.43.49-PM.jpeg\" alt=\"\" class=\"wp-image-2906\" srcset=\"https:\/\/antoniolenis.edu.co\/wp-content\/uploads\/2026\/02\/WhatsApp-Image-2026-02-06-at-5.43.49-PM.jpeg 1141w, https:\/\/antoniolenis.edu.co\/wp-content\/uploads\/2026\/02\/WhatsApp-Image-2026-02-06-at-5.43.49-PM-768x1077.jpeg 768w, https:\/\/antoniolenis.edu.co\/wp-content\/uploads\/2026\/02\/WhatsApp-Image-2026-02-06-at-5.43.49-PM-1095x1536.jpeg 1095w, https:\/\/antoniolenis.edu.co\/wp-content\/uploads\/2026\/02\/WhatsApp-Image-2026-02-06-at-5.43.49-PM-956x1341.jpeg 956w\" sizes=\"auto, (max-width: 1141px) 100vw, 1141px\" \/><\/figure>\n","protected":false},"excerpt":{"rendered":"<p>Querida comunidad Lenista, nos emociona anunciar que estamos de vuelta con los Centros de Inter\u00e9s, espacios dise\u00f1ados para fortalecer la formaci\u00f3n integral de nuestros estudiantes. A trav\u00e9s de la creatividad, el juego, la reflexi\u00f3n y la convivencia, seguimos educando para&#8230;<br \/><a class=\"read-more-button\" href=\"https:\/\/antoniolenis.edu.co\/?p=2905\">Leer m\u00e1s<\/a><\/p>\n","protected":false},"author":7,"featured_media":2906,"comment_status":"closed","ping_status":"closed","sticky":false,"template":"","format":"standard","meta":{"footnotes":""},"categories":[1],"tags":[],"class_list":["post-2905","post","type-post","status-publish","format-standard","has-post-thumbnail","hentry","category-noticias"],"_links":{"self":[{"href":"https:\/\/antoniolenis.edu.co\/index.php?rest_route=\/wp\/v2\/posts\/2905","targetHints":{"allow":["GET"]}}],"collection":[{"href":"https:\/\/antoniolenis.edu.co\/index.php?rest_route=\/wp\/v2\/posts"}],"about":[{"href":"https:\/\/antoniolenis.edu.co\/index.php?rest_route=\/wp\/v2\/types\/post"}],"author":[{"embeddable":true,"href":"https:\/\/antoniolenis.edu.co\/index.php?rest_route=\/wp\/v2\/users\/7"}],"replies":[{"embeddable":true,"href":"https:\/\/antoniolenis.edu.co\/index.php?rest_route=%2Fwp%2Fv2%2Fcomments&post=2905"}],"version-history":[{"count":1,"href":"https:\/\/antoniolenis.edu.co\/index.php?rest_route=\/wp\/v2\/posts\/2905\/revisions"}],"predecessor-version":[{"id":2907,"href":"https:\/\/antoniolenis.edu.co\/index.php?rest_route=\/wp\/v2\/posts\/2905\/revisions\/2907"}],"wp:featuredmedia":[{"embeddable":true,"href":"https:\/\/antoniolenis.edu.co\/index.php?rest_route=\/wp\/v2\/media\/2906"}],"wp:attachment":[{"href":"https:\/\/antoniolenis.edu.co\/index.php?rest_route=%2Fwp%2Fv2%2Fmedia&parent=2905"}],"wp:term":[{"taxonomy":"category","embeddable":true,"href":"https:\/\/antoniolenis.edu.co\/index.php?rest_route=%2Fwp%2Fv2%2Fcategories&post=2905"},{"taxonomy":"post_tag","embeddable":true,"href":"https:\/\/antoniolenis.edu.co\/index.php?rest_route=%2Fwp%2Fv2%2Ftags&post=2905"}],"curies":[{"name":"wp","href":"https:\/\/api.w.org\/{rel}","templated":true}]}}