{"id":518,"date":"2016-11-02T08:41:12","date_gmt":"2016-11-02T13:41:12","guid":{"rendered":"http:\/\/antoniolenis.edu.co\/?p=518"},"modified":"2016-11-02T17:24:54","modified_gmt":"2016-11-02T22:24:54","slug":"destacadisima-participacion-de-nuestrs-estudiantes-olimpiadas-de-quimica","status":"publish","type":"post","link":"https:\/\/antoniolenis.edu.co\/?p=518","title":{"rendered":"DESTACAD\u00cdSIMA PARTICIPACI\u00d3N DE NUESTR@S ESTUDIANTES EN OLIMPIADAS DE QU\u00cdMICA"},"content":{"rendered":"<p>Con mucho orgullo informamos a la comunidad sincelejana, la destacad\u00edsima representaci\u00f3n que tuvo la Instituci\u00f3n Educativa Antonio Lenis, con la participaci\u00f3n de 25 estudiantes de D\u00e9cimo y Und\u00e9cimo grado, jornada matinal y vespertina, sede Majagual y El Zumbado, en la 8\u00aa Olimpiada de Qu\u00edmica, Facultad de Ciencias Exactas y Naturales de la Universidad de Antioquia.<\/p>\n<p>&nbsp;<\/p>\n<p>FELICITACIONES A NUESTR@S REPRESENTANTES POR HABER PUESTO MUY EN ALTO EL NOMBRE DE NUESTRA INSTITUCI\u00d3N EDUCATIVA.<\/p>\n<p>&nbsp;<\/p>\n<table width=\"486\">\n<tbody>\n<tr>\n<td style=\"text-align: center;\" width=\"132\"><strong>Nombres<\/strong><\/td>\n<td style=\"text-align: center;\" width=\"158\"><strong>Apellidos<\/strong><\/td>\n<td style=\"text-align: center;\" width=\"80\"><strong>Grado<\/strong><\/td>\n<td style=\"text-align: center;\" width=\"116\"><strong>Jornada<\/strong><\/td>\n<\/tr>\n<tr>\n<td>FERNANDO JOSE<\/td>\n<td>CUELLO MURILLO<\/td>\n<td>11<\/td>\n<td>Matinal Zumbado<\/td>\n<\/tr>\n<tr>\n<td>GERMAN DAVID<\/td>\n<td>VERGARA ALMARIO<\/td>\n<td>11<\/td>\n<td>Vespertina<\/td>\n<\/tr>\n<tr>\n<td>JUAN ANDRES<\/td>\n<td>CASSARES TAPIAS<\/td>\n<td>11<\/td>\n<td>Matinal<\/td>\n<\/tr>\n<tr>\n<td>YULIANA<\/td>\n<td>SALGADO RUIZ<\/td>\n<td>11<\/td>\n<td>Matinal<\/td>\n<\/tr>\n<tr>\n<td>JOSE<\/td>\n<td>PEREZ MONTERROZA<\/td>\n<td>11<\/td>\n<td>Matinal<\/td>\n<\/tr>\n<tr>\n<td>DANIELA SOFIA<\/td>\n<td>CONTRERAS LOPEZ<\/td>\n<td>11<\/td>\n<td>Matinal<\/td>\n<\/tr>\n<tr>\n<td>SEBASTIAN ANDRES<\/td>\n<td>CASTILLA CONTRERA<\/td>\n<td>11<\/td>\n<td>Matinal<\/td>\n<\/tr>\n<tr>\n<td>MIGUEL ANGEL<\/td>\n<td>CERPA VELASQUEZ<\/td>\n<td>11<\/td>\n<td>Vespertina<\/td>\n<\/tr>\n<tr>\n<td>ANA MELISA<\/td>\n<td>PEREZ MUNIVE<\/td>\n<td>11<\/td>\n<td>Matinal<\/td>\n<\/tr>\n<tr>\n<td>ROSA MARIA<\/td>\n<td>ZAFRA VILLALBA<\/td>\n<td>11<\/td>\n<td>Matinal<\/td>\n<\/tr>\n<tr>\n<td>JESUS DAVID<\/td>\n<td>OROZCO OVIEDO<\/td>\n<td>11<\/td>\n<td>Matinal<\/td>\n<\/tr>\n<tr>\n<td>SAIDITH<\/td>\n<td>GARCIA MORALES<\/td>\n<td>11<\/td>\n<td>Vespertina<\/td>\n<\/tr>\n<tr>\n<td>SERGIO LUIS<\/td>\n<td>VILLALBA MERCADO<\/td>\n<td>11<\/td>\n<td>Matinal Zumbado<\/td>\n<\/tr>\n<tr>\n<td>MARIA ISABEL<\/td>\n<td>ZABALETA SANTOS<\/td>\n<td>11<\/td>\n<td>Matinal<\/td>\n<\/tr>\n<tr>\n<td>CRISTINA<\/td>\n<td>REYES PEREZ<\/td>\n<td>11<\/td>\n<td>Vespertina<\/td>\n<\/tr>\n<tr>\n<td>DANIELA<\/td>\n<td>ALVAREZ SIERRA<\/td>\n<td>11<\/td>\n<td>Vespertina<\/td>\n<\/tr>\n<tr>\n<td>SERGIO LUIS<\/td>\n<td>MONTERROZA OROZCO<\/td>\n<td>11<\/td>\n<td>Matinal<\/td>\n<\/tr>\n<tr>\n<td>KEYLA ANDREA<\/td>\n<td>MANCHEGO BERRIO<\/td>\n<td>10<\/td>\n<td>Vespertina<\/td>\n<\/tr>\n<tr>\n<td>NELLY ELVIRA<\/td>\n<td>TAMARA BENITEZ<\/td>\n<td>10<\/td>\n<td>Vespertina<\/td>\n<\/tr>\n<tr>\n<td>LAUREN ANDREA<\/td>\n<td>VERGARA ARCIA<\/td>\n<td>10<\/td>\n<td>Vespertina<\/td>\n<\/tr>\n<tr>\n<td>JESUS DAVID<\/td>\n<td>PEREZ RIVERO<\/td>\n<td>10<\/td>\n<td>Vespertina<\/td>\n<\/tr>\n<tr>\n<td>CAMILA ANDREA<\/td>\n<td>QUIMBAYO POLO<\/td>\n<td>10<\/td>\n<td>Vespertina<\/td>\n<\/tr>\n<tr>\n<td>KEYLA ESTHER<\/td>\n<td>ALVAREZ JOVE<\/td>\n<td>10<\/td>\n<td>Vespertina<\/td>\n<\/tr>\n<\/tbody>\n<\/table>\n<p>&nbsp;<\/p>\n<p>La IE Antonio Lenis, clasific\u00f3 a la Prueba final, de la Olimpiada con\u00a0 representaci\u00f3n del alumno\u00a0<strong>Fernando Cuello Murillo del grado 11\u00b0 de la Sede Sexta El Zumbado<\/strong>, cuyo docente del \u00a0\u00e1rea (Qu\u00edmica) es Jorge Balbero Mercado.<\/p>\n<p>&nbsp;<\/p>\n<p>Para mayor informaci\u00f3n visite la p\u00e1gina de publicaci\u00f3n de los resultados: <a href=\"http:\/\/olimpquimica.wix.com\/olimpquimica-udea\">http:\/\/olimpquimica.wix.com\/olimpquimica-udea<\/a><\/p>\n<p>&nbsp;<\/p>\n<p>&nbsp;<\/p>\n","protected":false},"excerpt":{"rendered":"<p>Con mucho orgullo informamos a la comunidad sincelejana, la destacad\u00edsima representaci\u00f3n que tuvo la Instituci\u00f3n Educativa Antonio Lenis, con la participaci\u00f3n de 25 estudiantes de D\u00e9cimo y Und\u00e9cimo grado, jornada matinal y vespertina, sede Majagual y El Zumbado, en la&#8230;<br \/><a class=\"read-more-button\" href=\"https:\/\/antoniolenis.edu.co\/?p=518\">Leer m\u00e1s<\/a><\/p>\n","protected":false},"author":2,"featured_media":0,"comment_status":"closed","ping_status":"closed","sticky":false,"template":"","format":"standard","meta":{"footnotes":""},"categories":[1],"tags":[],"class_list":["post-518","post","type-post","status-publish","format-standard","hentry","category-noticias"],"_links":{"self":[{"href":"https:\/\/antoniolenis.edu.co\/index.php?rest_route=\/wp\/v2\/posts\/518","targetHints":{"allow":["GET"]}}],"collection":[{"href":"https:\/\/antoniolenis.edu.co\/index.php?rest_route=\/wp\/v2\/posts"}],"about":[{"href":"https:\/\/antoniolenis.edu.co\/index.php?rest_route=\/wp\/v2\/types\/post"}],"author":[{"embeddable":true,"href":"https:\/\/antoniolenis.edu.co\/index.php?rest_route=\/wp\/v2\/users\/2"}],"replies":[{"embeddable":true,"href":"https:\/\/antoniolenis.edu.co\/index.php?rest_route=%2Fwp%2Fv2%2Fcomments&post=518"}],"version-history":[{"count":6,"href":"https:\/\/antoniolenis.edu.co\/index.php?rest_route=\/wp\/v2\/posts\/518\/revisions"}],"predecessor-version":[{"id":593,"href":"https:\/\/antoniolenis.edu.co\/index.php?rest_route=\/wp\/v2\/posts\/518\/revisions\/593"}],"wp:attachment":[{"href":"https:\/\/antoniolenis.edu.co\/index.php?rest_route=%2Fwp%2Fv2%2Fmedia&parent=518"}],"wp:term":[{"taxonomy":"category","embeddable":true,"href":"https:\/\/antoniolenis.edu.co\/index.php?rest_route=%2Fwp%2Fv2%2Fcategories&post=518"},{"taxonomy":"post_tag","embeddable":true,"href":"https:\/\/antoniolenis.edu.co\/index.php?rest_route=%2Fwp%2Fv2%2Ftags&post=518"}],"curies":[{"name":"wp","href":"https:\/\/api.w.org\/{rel}","templated":true}]}}